{"id":1803,"date":"2016-01-01T14:12:25","date_gmt":"2016-01-01T13:12:25","guid":{"rendered":"https:\/\/domainelesoreades.com\/blog\/2016\/01\/01\/donde-se-puede-ver-las-grullas-las-landas\/"},"modified":"2023-12-07T09:38:48","modified_gmt":"2023-12-07T08:38:48","slug":"ou-voir-les-grues-dans-les-landes","status":"publish","type":"post","link":"https:\/\/domainelesoreades.com\/es\/noticias\/ou-voir-les-grues-dans-les-landes\/","title":{"rendered":"\u00bfD\u00f3nde se pueden ver grullas en las Landas?"},"content":{"rendered":"\n<p class=\"ls-paragraph\">Ya est\u00e1n las cifras. Seg\u00fan los recuentos realizados el 4 de enero, \u00a1hay actualmente 35.000 aves en la meseta de las Landas! Pero, \u00bfd\u00f3nde se pueden ver las grullas en las Landas? \u00a1Te lo contamos todo!<\/p>\n\n<p class=\"ls-paragraph\">Cada invierno, cerca de 40.000 grullas pasan el invierno en las Landas, lo que la convierte en una de las zonas de invernada m\u00e1s importantes de Europa. De noviembre a febrero, basta con mirar hacia arriba para ver y o\u00edr a estos espectaculares grupos cruzando el cielo.<\/p>\n<div class=\"wp-block-image\">\n<figure class=\"aligncenter\"><img decoding=\"async\" src=\"https:\/\/domainelesoreades.com\/wp-content\/uploads\/2023\/09\/Untitled-design1-300x167.png\" alt=\"&#xBF;D&#xF3;nde se pueden ver grullas en las Landas?\" class=\"wp-image-3331\"\/><\/figure>\n<\/div>\n<p class=\"ls-paragraph\"><\/p>\n\n<h2 class=\"ls__heading wp-block-heading\">\u00bfD\u00f3nde se pueden ver grullas en las Landas?<\/h2>\n\n<p class=\"ls-paragraph\">Las grullas pueden verse durante el d\u00eda en los campos de ma\u00edz, donde encuentran su alimento en la :<\/p>\n\n<ul class=\"ls-list wp-block-list\">\n<li>Saint-Martin-de-Seignanx ;<\/li>\n\n\n\n<li>Losse ;<\/li>\n\n\n\n<li>Captieux ;<\/li>\n\n\n\n<li>Verde ;<\/li>\n\n\n\n<li>Lugos ;<\/li>\n\n\n\n<li>Lacanau.<\/li>\n<\/ul>\n\n<p class=\"ls-paragraph\">Conocer el ave, mantener las condiciones en las que vive y conocerla a escondidas son las herramientas para preservarla. La C\u00e1mara de Agricultura, el Consejo General de las Landas, la LPO Aquitania, la Federaci\u00f3n de Cazadores de las Landas, el Parque Natural Regional de las Landas de Gasco\u00f1a, las reservas de Arjuzanx (40) y del estanque de Cousseau (33) han constituido as\u00ed el grupo  <a href=\"https:\/\/www.grueslandesdegascogne.com\/\" target=\"_blank\" rel=\"noreferrer noopener\">Grus-Gascogna<\/a>  que organiza salidas y fines de semana dedicados a la observaci\u00f3n de grullas.<\/p>\n\n<p class=\"ls-paragraph\">Estas actividades, supervisadas por animadores, forman parte de un planteamiento compartido para conservar la especie, y la sensibilizaci\u00f3n del p\u00fablico es un elemento clave para ello.<\/p>\n\n<h2 class=\"ls__heading wp-block-heading\">\u00bfPor qu\u00e9 vienen las grullas a las Landas?<\/h2>\n\n<p class=\"ls-paragraph\">Las grullas cenicientas anidan en el norte de Europa. En oto\u00f1o, se reagrupan y emprenden un largo viaje desde los pa\u00edses escandinavos y el norte de Alemania hasta la Pen\u00ednsula Ib\u00e9rica. Idealmente situadas en el corredor migratorio, las Landas de Gasco\u00f1a albergan un gran n\u00famero de grullas grises invernantes.<\/p>\n\n<p class=\"ls-paragraph\">Pase sus vacaciones en las Landas con Les Or\u00e9ades<\/p>\n","protected":false},"excerpt":{"rendered":"<p>Ya est\u00e1n las cifras. Seg\u00fan los recuentos realizados el 4 de enero, \u00a1hay actualmente 35.000 aves en la meseta de las Landas! Pero, \u00bfd\u00f3nde se pueden ver las grullas en las Landas? \u00a1Te lo contamos todo! Cada invierno, cerca de 40.000 grullas pasan el invierno en las Landas, lo que la convierte en una de [&hellip;]<\/p>\n","protected":false},"author":1,"featured_media":10484,"comment_status":"closed","ping_status":"closed","sticky":false,"template":"","format":"standard","meta":{"_acf_changed":false,"inline_featured_image":false,"footnotes":""},"categories":[121],"tags":[],"sujet":[],"class_list":["post-1803","post","type-post","status-publish","format-standard","has-post-thumbnail","hentry","category-noticias"],"acf":[],"yoast_head":"<!-- This site is optimized with the Yoast SEO plugin v24.3 - https:\/\/yoast.com\/wordpress\/plugins\/seo\/ -->\n<title>\u00bfD\u00f3nde se pueden ver grullas en las Landas? - Domaine des Or\u00e9ades<\/title>\n<meta name=\"robots\" content=\"index, follow, max-snippet:-1, max-image-preview:large, max-video-preview:-1\" \/>\n<link rel=\"canonical\" href=\"https:\/\/domainelesoreades.com\/es\/noticias\/ou-voir-les-grues-dans-les-landes\/\" \/>\n<meta property=\"og:locale\" content=\"es_ES\" \/>\n<meta property=\"og:type\" content=\"article\" \/>\n<meta property=\"og:title\" content=\"\u00bfD\u00f3nde se pueden ver grullas en las Landas? - Domaine des Or\u00e9ades\" \/>\n<meta property=\"og:description\" content=\"Ya est\u00e1n las cifras. Seg\u00fan los recuentos realizados el 4 de enero, \u00a1hay actualmente 35.000 aves en la meseta de las Landas! Pero, \u00bfd\u00f3nde se pueden ver las grullas en las Landas? \u00a1Te lo contamos todo! Cada invierno, cerca de 40.000 grullas pasan el invierno en las Landas, lo que la convierte en una de [&hellip;]\" \/>\n<meta property=\"og:url\" content=\"https:\/\/domainelesoreades.com\/es\/noticias\/ou-voir-les-grues-dans-les-landes\/\" \/>\n<meta property=\"og:site_name\" content=\"Domaine des Or\u00e9ades\" \/>\n<meta property=\"article:published_time\" content=\"2016-01-01T13:12:25+00:00\" \/>\n<meta property=\"article:modified_time\" content=\"2023-12-07T08:38:48+00:00\" \/>\n<meta property=\"og:image\" content=\"https:\/\/domainelesoreades.com\/wp-content\/uploads\/2016\/01\/voir-grues-landes.jpg\" \/>\n\t<meta property=\"og:image:width\" content=\"1903\" \/>\n\t<meta property=\"og:image:height\" content=\"373\" \/>\n\t<meta property=\"og:image:type\" content=\"image\/jpeg\" \/>\n<meta name=\"author\" content=\"@dmin64\" \/>\n<meta name=\"twitter:card\" content=\"summary_large_image\" \/>\n<meta name=\"twitter:label1\" content=\"Escrito por\" \/>\n\t<meta name=\"twitter:data1\" content=\"@dmin64\" \/>\n\t<meta name=\"twitter:label2\" content=\"Tiempo de lectura\" \/>\n\t<meta name=\"twitter:data2\" content=\"2 minutos\" \/>\n<script type=\"application\/ld+json\" class=\"yoast-schema-graph\">{\"@context\":\"https:\/\/schema.org\",\"@graph\":[{\"@type\":\"Article\",\"@id\":\"https:\/\/domainelesoreades.com\/es\/noticias\/ou-voir-les-grues-dans-les-landes\/#article\",\"isPartOf\":{\"@id\":\"https:\/\/domainelesoreades.com\/es\/noticias\/ou-voir-les-grues-dans-les-landes\/\"},\"author\":{\"name\":\"@dmin64\",\"@id\":\"https:\/\/domainelesoreades.com\/es\/#\/schema\/person\/9eeb551c006a9863bb1e7b734b032003\"},\"headline\":\"\u00bfD\u00f3nde se pueden ver grullas en las Landas?\",\"datePublished\":\"2016-01-01T13:12:25+00:00\",\"dateModified\":\"2023-12-07T08:38:48+00:00\",\"mainEntityOfPage\":{\"@id\":\"https:\/\/domainelesoreades.com\/es\/noticias\/ou-voir-les-grues-dans-les-landes\/\"},\"wordCount\":310,\"publisher\":{\"@id\":\"https:\/\/domainelesoreades.com\/es\/#organization\"},\"image\":{\"@id\":\"https:\/\/domainelesoreades.com\/es\/noticias\/ou-voir-les-grues-dans-les-landes\/#primaryimage\"},\"thumbnailUrl\":\"https:\/\/domainelesoreades.com\/wp-content\/uploads\/2016\/01\/voir-grues-landes.jpg\",\"articleSection\":[\"Noticias\"],\"inLanguage\":\"es\"},{\"@type\":\"WebPage\",\"@id\":\"https:\/\/domainelesoreades.com\/es\/noticias\/ou-voir-les-grues-dans-les-landes\/\",\"url\":\"https:\/\/domainelesoreades.com\/es\/noticias\/ou-voir-les-grues-dans-les-landes\/\",\"name\":\"\u00bfD\u00f3nde se pueden ver grullas en las Landas? - Domaine des Or\u00e9ades\",\"isPartOf\":{\"@id\":\"https:\/\/domainelesoreades.com\/es\/#website\"},\"primaryImageOfPage\":{\"@id\":\"https:\/\/domainelesoreades.com\/es\/noticias\/ou-voir-les-grues-dans-les-landes\/#primaryimage\"},\"image\":{\"@id\":\"https:\/\/domainelesoreades.com\/es\/noticias\/ou-voir-les-grues-dans-les-landes\/#primaryimage\"},\"thumbnailUrl\":\"https:\/\/domainelesoreades.com\/wp-content\/uploads\/2016\/01\/voir-grues-landes.jpg\",\"datePublished\":\"2016-01-01T13:12:25+00:00\",\"dateModified\":\"2023-12-07T08:38:48+00:00\",\"breadcrumb\":{\"@id\":\"https:\/\/domainelesoreades.com\/es\/noticias\/ou-voir-les-grues-dans-les-landes\/#breadcrumb\"},\"inLanguage\":\"es\",\"potentialAction\":[{\"@type\":\"ReadAction\",\"target\":[\"https:\/\/domainelesoreades.com\/es\/noticias\/ou-voir-les-grues-dans-les-landes\/\"]}]},{\"@type\":\"ImageObject\",\"inLanguage\":\"es\",\"@id\":\"https:\/\/domainelesoreades.com\/es\/noticias\/ou-voir-les-grues-dans-les-landes\/#primaryimage\",\"url\":\"https:\/\/domainelesoreades.com\/wp-content\/uploads\/2016\/01\/voir-grues-landes.jpg\",\"contentUrl\":\"https:\/\/domainelesoreades.com\/wp-content\/uploads\/2016\/01\/voir-grues-landes.jpg\",\"width\":1903,\"height\":373,\"caption\":\"voir grues landes\"},{\"@type\":\"BreadcrumbList\",\"@id\":\"https:\/\/domainelesoreades.com\/es\/noticias\/ou-voir-les-grues-dans-les-landes\/#breadcrumb\",\"itemListElement\":[{\"@type\":\"ListItem\",\"position\":1,\"name\":\"Camping Landes\",\"item\":\"https:\/\/domainelesoreades.com\/es\/\"},{\"@type\":\"ListItem\",\"position\":2,\"name\":\"\u00bfD\u00f3nde se pueden ver grullas en las Landas?\"}]},{\"@type\":\"WebSite\",\"@id\":\"https:\/\/domainelesoreades.com\/es\/#website\",\"url\":\"https:\/\/domainelesoreades.com\/es\/\",\"name\":\"Domaine des Or\u00e9ades\",\"description\":\"\",\"publisher\":{\"@id\":\"https:\/\/domainelesoreades.com\/es\/#organization\"},\"potentialAction\":[{\"@type\":\"SearchAction\",\"target\":{\"@type\":\"EntryPoint\",\"urlTemplate\":\"https:\/\/domainelesoreades.com\/es\/?s={search_term_string}\"},\"query-input\":{\"@type\":\"PropertyValueSpecification\",\"valueRequired\":true,\"valueName\":\"search_term_string\"}}],\"inLanguage\":\"es\"},{\"@type\":\"Organization\",\"@id\":\"https:\/\/domainelesoreades.com\/es\/#organization\",\"name\":\"Domaine des Or\u00e9ades\",\"url\":\"https:\/\/domainelesoreades.com\/es\/\",\"logo\":{\"@type\":\"ImageObject\",\"inLanguage\":\"es\",\"@id\":\"https:\/\/domainelesoreades.com\/es\/#\/schema\/logo\/image\/\",\"url\":\"https:\/\/domainelesoreades.com\/wp-content\/uploads\/2023\/08\/cropped-les-oreades-logo-blc.png\",\"contentUrl\":\"https:\/\/domainelesoreades.com\/wp-content\/uploads\/2023\/08\/cropped-les-oreades-logo-blc.png\",\"width\":490,\"height\":175,\"caption\":\"Domaine des Or\u00e9ades\"},\"image\":{\"@id\":\"https:\/\/domainelesoreades.com\/es\/#\/schema\/logo\/image\/\"}},{\"@type\":\"Person\",\"@id\":\"https:\/\/domainelesoreades.com\/es\/#\/schema\/person\/9eeb551c006a9863bb1e7b734b032003\",\"name\":\"@dmin64\",\"image\":{\"@type\":\"ImageObject\",\"inLanguage\":\"es\",\"@id\":\"https:\/\/domainelesoreades.com\/es\/#\/schema\/person\/image\/\",\"url\":\"https:\/\/secure.gravatar.com\/avatar\/c139ef583a0e65260f6808f5628e6eca9fa8608b06e80bc14d5c39d32af667ca?s=96&d=mm&r=g\",\"contentUrl\":\"https:\/\/secure.gravatar.com\/avatar\/c139ef583a0e65260f6808f5628e6eca9fa8608b06e80bc14d5c39d32af667ca?s=96&d=mm&r=g\",\"caption\":\"@dmin64\"},\"sameAs\":[\"https:\/\/domainelesoreades.com\"]}]}<\/script>\n<!-- \/ Yoast SEO plugin. -->","yoast_head_json":{"title":"\u00bfD\u00f3nde se pueden ver grullas en las Landas? - Domaine des Or\u00e9ades","robots":{"index":"index","follow":"follow","max-snippet":"max-snippet:-1","max-image-preview":"max-image-preview:large","max-video-preview":"max-video-preview:-1"},"canonical":"https:\/\/domainelesoreades.com\/es\/noticias\/ou-voir-les-grues-dans-les-landes\/","og_locale":"es_ES","og_type":"article","og_title":"\u00bfD\u00f3nde se pueden ver grullas en las Landas? - Domaine des Or\u00e9ades","og_description":"Ya est\u00e1n las cifras. Seg\u00fan los recuentos realizados el 4 de enero, \u00a1hay actualmente 35.000 aves en la meseta de las Landas! Pero, \u00bfd\u00f3nde se pueden ver las grullas en las Landas? \u00a1Te lo contamos todo! Cada invierno, cerca de 40.000 grullas pasan el invierno en las Landas, lo que la convierte en una de [&hellip;]","og_url":"https:\/\/domainelesoreades.com\/es\/noticias\/ou-voir-les-grues-dans-les-landes\/","og_site_name":"Domaine des Or\u00e9ades","article_published_time":"2016-01-01T13:12:25+00:00","article_modified_time":"2023-12-07T08:38:48+00:00","og_image":[{"width":1903,"height":373,"url":"https:\/\/domainelesoreades.com\/wp-content\/uploads\/2016\/01\/voir-grues-landes.jpg","type":"image\/jpeg"}],"author":"@dmin64","twitter_card":"summary_large_image","twitter_misc":{"Escrito por":"@dmin64","Tiempo de lectura":"2 minutos"},"schema":{"@context":"https:\/\/schema.org","@graph":[{"@type":"Article","@id":"https:\/\/domainelesoreades.com\/es\/noticias\/ou-voir-les-grues-dans-les-landes\/#article","isPartOf":{"@id":"https:\/\/domainelesoreades.com\/es\/noticias\/ou-voir-les-grues-dans-les-landes\/"},"author":{"name":"@dmin64","@id":"https:\/\/domainelesoreades.com\/es\/#\/schema\/person\/9eeb551c006a9863bb1e7b734b032003"},"headline":"\u00bfD\u00f3nde se pueden ver grullas en las Landas?","datePublished":"2016-01-01T13:12:25+00:00","dateModified":"2023-12-07T08:38:48+00:00","mainEntityOfPage":{"@id":"https:\/\/domainelesoreades.com\/es\/noticias\/ou-voir-les-grues-dans-les-landes\/"},"wordCount":310,"publisher":{"@id":"https:\/\/domainelesoreades.com\/es\/#organization"},"image":{"@id":"https:\/\/domainelesoreades.com\/es\/noticias\/ou-voir-les-grues-dans-les-landes\/#primaryimage"},"thumbnailUrl":"https:\/\/domainelesoreades.com\/wp-content\/uploads\/2016\/01\/voir-grues-landes.jpg","articleSection":["Noticias"],"inLanguage":"es"},{"@type":"WebPage","@id":"https:\/\/domainelesoreades.com\/es\/noticias\/ou-voir-les-grues-dans-les-landes\/","url":"https:\/\/domainelesoreades.com\/es\/noticias\/ou-voir-les-grues-dans-les-landes\/","name":"\u00bfD\u00f3nde se pueden ver grullas en las Landas? - Domaine des Or\u00e9ades","isPartOf":{"@id":"https:\/\/domainelesoreades.com\/es\/#website"},"primaryImageOfPage":{"@id":"https:\/\/domainelesoreades.com\/es\/noticias\/ou-voir-les-grues-dans-les-landes\/#primaryimage"},"image":{"@id":"https:\/\/domainelesoreades.com\/es\/noticias\/ou-voir-les-grues-dans-les-landes\/#primaryimage"},"thumbnailUrl":"https:\/\/domainelesoreades.com\/wp-content\/uploads\/2016\/01\/voir-grues-landes.jpg","datePublished":"2016-01-01T13:12:25+00:00","dateModified":"2023-12-07T08:38:48+00:00","breadcrumb":{"@id":"https:\/\/domainelesoreades.com\/es\/noticias\/ou-voir-les-grues-dans-les-landes\/#breadcrumb"},"inLanguage":"es","potentialAction":[{"@type":"ReadAction","target":["https:\/\/domainelesoreades.com\/es\/noticias\/ou-voir-les-grues-dans-les-landes\/"]}]},{"@type":"ImageObject","inLanguage":"es","@id":"https:\/\/domainelesoreades.com\/es\/noticias\/ou-voir-les-grues-dans-les-landes\/#primaryimage","url":"https:\/\/domainelesoreades.com\/wp-content\/uploads\/2016\/01\/voir-grues-landes.jpg","contentUrl":"https:\/\/domainelesoreades.com\/wp-content\/uploads\/2016\/01\/voir-grues-landes.jpg","width":1903,"height":373,"caption":"voir grues landes"},{"@type":"BreadcrumbList","@id":"https:\/\/domainelesoreades.com\/es\/noticias\/ou-voir-les-grues-dans-les-landes\/#breadcrumb","itemListElement":[{"@type":"ListItem","position":1,"name":"Camping Landes","item":"https:\/\/domainelesoreades.com\/es\/"},{"@type":"ListItem","position":2,"name":"\u00bfD\u00f3nde se pueden ver grullas en las Landas?"}]},{"@type":"WebSite","@id":"https:\/\/domainelesoreades.com\/es\/#website","url":"https:\/\/domainelesoreades.com\/es\/","name":"Domaine des Or\u00e9ades","description":"","publisher":{"@id":"https:\/\/domainelesoreades.com\/es\/#organization"},"potentialAction":[{"@type":"SearchAction","target":{"@type":"EntryPoint","urlTemplate":"https:\/\/domainelesoreades.com\/es\/?s={search_term_string}"},"query-input":{"@type":"PropertyValueSpecification","valueRequired":true,"valueName":"search_term_string"}}],"inLanguage":"es"},{"@type":"Organization","@id":"https:\/\/domainelesoreades.com\/es\/#organization","name":"Domaine des Or\u00e9ades","url":"https:\/\/domainelesoreades.com\/es\/","logo":{"@type":"ImageObject","inLanguage":"es","@id":"https:\/\/domainelesoreades.com\/es\/#\/schema\/logo\/image\/","url":"https:\/\/domainelesoreades.com\/wp-content\/uploads\/2023\/08\/cropped-les-oreades-logo-blc.png","contentUrl":"https:\/\/domainelesoreades.com\/wp-content\/uploads\/2023\/08\/cropped-les-oreades-logo-blc.png","width":490,"height":175,"caption":"Domaine des Or\u00e9ades"},"image":{"@id":"https:\/\/domainelesoreades.com\/es\/#\/schema\/logo\/image\/"}},{"@type":"Person","@id":"https:\/\/domainelesoreades.com\/es\/#\/schema\/person\/9eeb551c006a9863bb1e7b734b032003","name":"@dmin64","image":{"@type":"ImageObject","inLanguage":"es","@id":"https:\/\/domainelesoreades.com\/es\/#\/schema\/person\/image\/","url":"https:\/\/secure.gravatar.com\/avatar\/c139ef583a0e65260f6808f5628e6eca9fa8608b06e80bc14d5c39d32af667ca?s=96&d=mm&r=g","contentUrl":"https:\/\/secure.gravatar.com\/avatar\/c139ef583a0e65260f6808f5628e6eca9fa8608b06e80bc14d5c39d32af667ca?s=96&d=mm&r=g","caption":"@dmin64"},"sameAs":["https:\/\/domainelesoreades.com"]}]}},"_links":{"self":[{"href":"https:\/\/domainelesoreades.com\/es\/wp-json\/wp\/v2\/posts\/1803","targetHints":{"allow":["GET"]}}],"collection":[{"href":"https:\/\/domainelesoreades.com\/es\/wp-json\/wp\/v2\/posts"}],"about":[{"href":"https:\/\/domainelesoreades.com\/es\/wp-json\/wp\/v2\/types\/post"}],"author":[{"embeddable":true,"href":"https:\/\/domainelesoreades.com\/es\/wp-json\/wp\/v2\/users\/1"}],"replies":[{"embeddable":true,"href":"https:\/\/domainelesoreades.com\/es\/wp-json\/wp\/v2\/comments?post=1803"}],"version-history":[{"count":10,"href":"https:\/\/domainelesoreades.com\/es\/wp-json\/wp\/v2\/posts\/1803\/revisions"}],"predecessor-version":[{"id":8068,"href":"https:\/\/domainelesoreades.com\/es\/wp-json\/wp\/v2\/posts\/1803\/revisions\/8068"}],"wp:featuredmedia":[{"embeddable":true,"href":"https:\/\/domainelesoreades.com\/es\/wp-json\/wp\/v2\/media\/10484"}],"wp:attachment":[{"href":"https:\/\/domainelesoreades.com\/es\/wp-json\/wp\/v2\/media?parent=1803"}],"wp:term":[{"taxonomy":"category","embeddable":true,"href":"https:\/\/domainelesoreades.com\/es\/wp-json\/wp\/v2\/categories?post=1803"},{"taxonomy":"post_tag","embeddable":true,"href":"https:\/\/domainelesoreades.com\/es\/wp-json\/wp\/v2\/tags?post=1803"},{"taxonomy":"sujet","embeddable":true,"href":"https:\/\/domainelesoreades.com\/es\/wp-json\/wp\/v2\/sujet?post=1803"}],"curies":[{"name":"wp","href":"https:\/\/api.w.org\/{rel}","templated":true}]}}